{"id":19244,"date":"2025-11-11T11:16:15","date_gmt":"2025-11-11T09:16:15","guid":{"rendered":"https:\/\/greencells.com\/blog\/2025\/11\/11\/greencells-verzeichnet-starkes-wachstum-und-baut-sein-portfolio-in-europa-weiter-aus\/"},"modified":"2025-11-11T11:16:44","modified_gmt":"2025-11-11T09:16:44","slug":"greencells-verzeichnet-starkes-wachstum-und-baut-sein-portfolio-in-europa-weiter-aus","status":"publish","type":"post","link":"https:\/\/greencells.com\/de\/blog\/2025\/11\/11\/greencells-verzeichnet-starkes-wachstum-und-baut-sein-portfolio-in-europa-weiter-aus\/","title":{"rendered":"GREENCELLS VERZEICHNET STARKES WACHSTUM UND BAUT SEIN PORTFOLIO IN EUROPA WEITER AUS"},"content":{"rendered":"\n<p>Wir haben unsere operative Pr\u00e4senz und Projektpipeline in ganz Europa im Jahr 2025 weiter ausgebaut.<br\/>Mit <strong>mehr als 700 MWp, die derzeit in Deutschland, Gro\u00dfbritannien, Irland, Ungarn und Rum\u00e4nien gebaut werden<\/strong>, geht Greencells mit einer soliden Dynamik und einer gest\u00e4rkten Marktposition in das Jahr 2026.<br\/><br\/>Vollst\u00e4ndige Pressemitteilung: <a href=\"https:\/\/greencells.com\/wp-content\/uploads\/2025\/11\/PM_111125_Strong_Growth_2025_DE.pdf\">https:\/\/greencells.com\/wp-content\/uploads\/2025\/11\/PM_111125_Strong_Growth_2025_DE.pdf<\/a><\/p>\n","protected":false},"excerpt":{"rendered":"<p>Wir haben unsere operative Pr\u00e4senz und Projektpipeline in ganz Europa im Jahr 2025 weiter ausgebaut.Mit mehr als 700 MWp, die derzeit in Deutschland, Gro\u00dfbritannien, Irland, Ungarn und Rum\u00e4nien gebaut werden, geht Greencells mit einer soliden Dynamik und einer gest\u00e4rkten Marktposition in das Jahr 2026. Vollst\u00e4ndige Pressemitteilung: https:\/\/greencells.com\/wp-content\/uploads\/2025\/11\/PM_111125_Strong_Growth_2025_DE.pdf<\/p>\n","protected":false},"author":13,"featured_media":17423,"comment_status":"closed","ping_status":"closed","sticky":false,"template":"","format":"standard","meta":{"_et_pb_use_builder":"","_et_pb_old_content":"","_et_gb_content_width":"","footnotes":""},"categories":[13],"tags":[],"class_list":["post-19244","post","type-post","status-publish","format-standard","has-post-thumbnail","hentry","category-unkategorisiert"],"yoast_head":"<!-- This site is optimized with the Yoast SEO plugin v27.4 - https:\/\/yoast.com\/product\/yoast-seo-wordpress\/ -->\n<title>GREENCELLS VERZEICHNET STARKES WACHSTUM UND BAUT SEIN PORTFOLIO IN EUROPA WEITER AUS - Greencells Group<\/title>\n<meta name=\"robots\" content=\"index, follow, max-snippet:-1, max-image-preview:large, max-video-preview:-1\" \/>\n<link rel=\"canonical\" href=\"https:\/\/greencells.com\/de\/blog\/2025\/11\/11\/greencells-verzeichnet-starkes-wachstum-und-baut-sein-portfolio-in-europa-weiter-aus\/\" \/>\n<meta property=\"og:locale\" content=\"de_DE\" \/>\n<meta property=\"og:type\" content=\"article\" \/>\n<meta property=\"og:title\" content=\"GREENCELLS VERZEICHNET STARKES WACHSTUM UND BAUT SEIN PORTFOLIO IN EUROPA WEITER AUS - Greencells Group\" \/>\n<meta property=\"og:description\" content=\"Wir haben unsere operative Pr\u00e4senz und Projektpipeline in ganz Europa im Jahr 2025 weiter ausgebaut.Mit mehr als 700 MWp, die derzeit in Deutschland, Gro\u00dfbritannien, Irland, Ungarn und Rum\u00e4nien gebaut werden, geht Greencells mit einer soliden Dynamik und einer gest\u00e4rkten Marktposition in das Jahr 2026. Vollst\u00e4ndige Pressemitteilung: https:\/\/greencells.com\/wp-content\/uploads\/2025\/11\/PM_111125_Strong_Growth_2025_DE.pdf\" \/>\n<meta property=\"og:url\" content=\"https:\/\/greencells.com\/de\/blog\/2025\/11\/11\/greencells-verzeichnet-starkes-wachstum-und-baut-sein-portfolio-in-europa-weiter-aus\/\" \/>\n<meta property=\"og:site_name\" content=\"Greencells Group\" \/>\n<meta property=\"article:published_time\" content=\"2025-11-11T09:16:15+00:00\" \/>\n<meta property=\"article:modified_time\" content=\"2025-11-11T09:16:44+00:00\" \/>\n<meta property=\"og:image\" content=\"https:\/\/greencells.com\/wp-content\/uploads\/2024\/09\/GFX_060924_Press_Release_Visual_1080x564.jpg\" \/>\n\t<meta property=\"og:image:width\" content=\"1080\" \/>\n\t<meta property=\"og:image:height\" content=\"564\" \/>\n\t<meta property=\"og:image:type\" content=\"image\/jpeg\" \/>\n<meta name=\"author\" content=\"Mike Mildenberger\" \/>\n<meta name=\"twitter:card\" content=\"summary_large_image\" \/>\n<meta name=\"twitter:label1\" content=\"Verfasst von\" \/>\n\t<meta name=\"twitter:data1\" content=\"Mike Mildenberger\" \/>\n<script type=\"application\/ld+json\" class=\"yoast-schema-graph\">{\"@context\":\"https:\\\/\\\/schema.org\",\"@graph\":[{\"@type\":\"Article\",\"@id\":\"https:\\\/\\\/greencells.com\\\/de\\\/blog\\\/2025\\\/11\\\/11\\\/greencells-verzeichnet-starkes-wachstum-und-baut-sein-portfolio-in-europa-weiter-aus\\\/#article\",\"isPartOf\":{\"@id\":\"https:\\\/\\\/greencells.com\\\/de\\\/blog\\\/2025\\\/11\\\/11\\\/greencells-verzeichnet-starkes-wachstum-und-baut-sein-portfolio-in-europa-weiter-aus\\\/\"},\"author\":{\"name\":\"Mike Mildenberger\",\"@id\":\"https:\\\/\\\/greencells.com\\\/de\\\/#\\\/schema\\\/person\\\/0489b14827d23264ef99479be786c25d\"},\"headline\":\"GREENCELLS VERZEICHNET STARKES WACHSTUM UND BAUT SEIN PORTFOLIO IN EUROPA WEITER AUS\",\"datePublished\":\"2025-11-11T09:16:15+00:00\",\"dateModified\":\"2025-11-11T09:16:44+00:00\",\"mainEntityOfPage\":{\"@id\":\"https:\\\/\\\/greencells.com\\\/de\\\/blog\\\/2025\\\/11\\\/11\\\/greencells-verzeichnet-starkes-wachstum-und-baut-sein-portfolio-in-europa-weiter-aus\\\/\"},\"wordCount\":71,\"image\":{\"@id\":\"https:\\\/\\\/greencells.com\\\/de\\\/blog\\\/2025\\\/11\\\/11\\\/greencells-verzeichnet-starkes-wachstum-und-baut-sein-portfolio-in-europa-weiter-aus\\\/#primaryimage\"},\"thumbnailUrl\":\"https:\\\/\\\/greencells.com\\\/wp-content\\\/uploads\\\/2024\\\/09\\\/GFX_060924_Press_Release_Visual_1080x564.jpg\",\"articleSection\":[\"Unkategorisiert\"],\"inLanguage\":\"de\"},{\"@type\":\"WebPage\",\"@id\":\"https:\\\/\\\/greencells.com\\\/de\\\/blog\\\/2025\\\/11\\\/11\\\/greencells-verzeichnet-starkes-wachstum-und-baut-sein-portfolio-in-europa-weiter-aus\\\/\",\"url\":\"https:\\\/\\\/greencells.com\\\/de\\\/blog\\\/2025\\\/11\\\/11\\\/greencells-verzeichnet-starkes-wachstum-und-baut-sein-portfolio-in-europa-weiter-aus\\\/\",\"name\":\"GREENCELLS VERZEICHNET STARKES WACHSTUM UND BAUT SEIN PORTFOLIO IN EUROPA WEITER AUS - Greencells Group\",\"isPartOf\":{\"@id\":\"https:\\\/\\\/greencells.com\\\/de\\\/#website\"},\"primaryImageOfPage\":{\"@id\":\"https:\\\/\\\/greencells.com\\\/de\\\/blog\\\/2025\\\/11\\\/11\\\/greencells-verzeichnet-starkes-wachstum-und-baut-sein-portfolio-in-europa-weiter-aus\\\/#primaryimage\"},\"image\":{\"@id\":\"https:\\\/\\\/greencells.com\\\/de\\\/blog\\\/2025\\\/11\\\/11\\\/greencells-verzeichnet-starkes-wachstum-und-baut-sein-portfolio-in-europa-weiter-aus\\\/#primaryimage\"},\"thumbnailUrl\":\"https:\\\/\\\/greencells.com\\\/wp-content\\\/uploads\\\/2024\\\/09\\\/GFX_060924_Press_Release_Visual_1080x564.jpg\",\"datePublished\":\"2025-11-11T09:16:15+00:00\",\"dateModified\":\"2025-11-11T09:16:44+00:00\",\"author\":{\"@id\":\"https:\\\/\\\/greencells.com\\\/de\\\/#\\\/schema\\\/person\\\/0489b14827d23264ef99479be786c25d\"},\"breadcrumb\":{\"@id\":\"https:\\\/\\\/greencells.com\\\/de\\\/blog\\\/2025\\\/11\\\/11\\\/greencells-verzeichnet-starkes-wachstum-und-baut-sein-portfolio-in-europa-weiter-aus\\\/#breadcrumb\"},\"inLanguage\":\"de\",\"potentialAction\":[{\"@type\":\"ReadAction\",\"target\":[\"https:\\\/\\\/greencells.com\\\/de\\\/blog\\\/2025\\\/11\\\/11\\\/greencells-verzeichnet-starkes-wachstum-und-baut-sein-portfolio-in-europa-weiter-aus\\\/\"]}]},{\"@type\":\"ImageObject\",\"inLanguage\":\"de\",\"@id\":\"https:\\\/\\\/greencells.com\\\/de\\\/blog\\\/2025\\\/11\\\/11\\\/greencells-verzeichnet-starkes-wachstum-und-baut-sein-portfolio-in-europa-weiter-aus\\\/#primaryimage\",\"url\":\"https:\\\/\\\/greencells.com\\\/wp-content\\\/uploads\\\/2024\\\/09\\\/GFX_060924_Press_Release_Visual_1080x564.jpg\",\"contentUrl\":\"https:\\\/\\\/greencells.com\\\/wp-content\\\/uploads\\\/2024\\\/09\\\/GFX_060924_Press_Release_Visual_1080x564.jpg\",\"width\":1080,\"height\":564},{\"@type\":\"BreadcrumbList\",\"@id\":\"https:\\\/\\\/greencells.com\\\/de\\\/blog\\\/2025\\\/11\\\/11\\\/greencells-verzeichnet-starkes-wachstum-und-baut-sein-portfolio-in-europa-weiter-aus\\\/#breadcrumb\",\"itemListElement\":[{\"@type\":\"ListItem\",\"position\":1,\"name\":\"Home\",\"item\":\"https:\\\/\\\/greencells.com\\\/de\\\/startseite-greencells-group\\\/\"},{\"@type\":\"ListItem\",\"position\":2,\"name\":\"GREENCELLS VERZEICHNET STARKES WACHSTUM UND BAUT SEIN PORTFOLIO IN EUROPA WEITER AUS\"}]},{\"@type\":\"WebSite\",\"@id\":\"https:\\\/\\\/greencells.com\\\/de\\\/#website\",\"url\":\"https:\\\/\\\/greencells.com\\\/de\\\/\",\"name\":\"Greencells Group\",\"description\":\"Greencells Group Homepage\",\"potentialAction\":[{\"@type\":\"SearchAction\",\"target\":{\"@type\":\"EntryPoint\",\"urlTemplate\":\"https:\\\/\\\/greencells.com\\\/de\\\/?s={search_term_string}\"},\"query-input\":{\"@type\":\"PropertyValueSpecification\",\"valueRequired\":true,\"valueName\":\"search_term_string\"}}],\"inLanguage\":\"de\"},{\"@type\":\"Person\",\"@id\":\"https:\\\/\\\/greencells.com\\\/de\\\/#\\\/schema\\\/person\\\/0489b14827d23264ef99479be786c25d\",\"name\":\"Mike Mildenberger\",\"image\":{\"@type\":\"ImageObject\",\"inLanguage\":\"de\",\"@id\":\"https:\\\/\\\/secure.gravatar.com\\\/avatar\\\/638784a52d9c612acb9336509d3bbc27b8430e0a8a4f5bfb6223898e3392c41b?s=96&d=mm&r=g\",\"url\":\"https:\\\/\\\/secure.gravatar.com\\\/avatar\\\/638784a52d9c612acb9336509d3bbc27b8430e0a8a4f5bfb6223898e3392c41b?s=96&d=mm&r=g\",\"contentUrl\":\"https:\\\/\\\/secure.gravatar.com\\\/avatar\\\/638784a52d9c612acb9336509d3bbc27b8430e0a8a4f5bfb6223898e3392c41b?s=96&d=mm&r=g\",\"caption\":\"Mike Mildenberger\"},\"url\":\"https:\\\/\\\/greencells.com\\\/de\\\/blog\\\/author\\\/mike\\\/\"}]}<\/script>\n<!-- \/ Yoast SEO plugin. -->","yoast_head_json":{"title":"GREENCELLS VERZEICHNET STARKES WACHSTUM UND BAUT SEIN PORTFOLIO IN EUROPA WEITER AUS - Greencells Group","robots":{"index":"index","follow":"follow","max-snippet":"max-snippet:-1","max-image-preview":"max-image-preview:large","max-video-preview":"max-video-preview:-1"},"canonical":"https:\/\/greencells.com\/de\/blog\/2025\/11\/11\/greencells-verzeichnet-starkes-wachstum-und-baut-sein-portfolio-in-europa-weiter-aus\/","og_locale":"de_DE","og_type":"article","og_title":"GREENCELLS VERZEICHNET STARKES WACHSTUM UND BAUT SEIN PORTFOLIO IN EUROPA WEITER AUS - Greencells Group","og_description":"Wir haben unsere operative Pr\u00e4senz und Projektpipeline in ganz Europa im Jahr 2025 weiter ausgebaut.Mit mehr als 700 MWp, die derzeit in Deutschland, Gro\u00dfbritannien, Irland, Ungarn und Rum\u00e4nien gebaut werden, geht Greencells mit einer soliden Dynamik und einer gest\u00e4rkten Marktposition in das Jahr 2026. Vollst\u00e4ndige Pressemitteilung: https:\/\/greencells.com\/wp-content\/uploads\/2025\/11\/PM_111125_Strong_Growth_2025_DE.pdf","og_url":"https:\/\/greencells.com\/de\/blog\/2025\/11\/11\/greencells-verzeichnet-starkes-wachstum-und-baut-sein-portfolio-in-europa-weiter-aus\/","og_site_name":"Greencells Group","article_published_time":"2025-11-11T09:16:15+00:00","article_modified_time":"2025-11-11T09:16:44+00:00","og_image":[{"width":1080,"height":564,"url":"https:\/\/greencells.com\/wp-content\/uploads\/2024\/09\/GFX_060924_Press_Release_Visual_1080x564.jpg","type":"image\/jpeg"}],"author":"Mike Mildenberger","twitter_card":"summary_large_image","twitter_misc":{"Verfasst von":"Mike Mildenberger"},"schema":{"@context":"https:\/\/schema.org","@graph":[{"@type":"Article","@id":"https:\/\/greencells.com\/de\/blog\/2025\/11\/11\/greencells-verzeichnet-starkes-wachstum-und-baut-sein-portfolio-in-europa-weiter-aus\/#article","isPartOf":{"@id":"https:\/\/greencells.com\/de\/blog\/2025\/11\/11\/greencells-verzeichnet-starkes-wachstum-und-baut-sein-portfolio-in-europa-weiter-aus\/"},"author":{"name":"Mike Mildenberger","@id":"https:\/\/greencells.com\/de\/#\/schema\/person\/0489b14827d23264ef99479be786c25d"},"headline":"GREENCELLS VERZEICHNET STARKES WACHSTUM UND BAUT SEIN PORTFOLIO IN EUROPA WEITER AUS","datePublished":"2025-11-11T09:16:15+00:00","dateModified":"2025-11-11T09:16:44+00:00","mainEntityOfPage":{"@id":"https:\/\/greencells.com\/de\/blog\/2025\/11\/11\/greencells-verzeichnet-starkes-wachstum-und-baut-sein-portfolio-in-europa-weiter-aus\/"},"wordCount":71,"image":{"@id":"https:\/\/greencells.com\/de\/blog\/2025\/11\/11\/greencells-verzeichnet-starkes-wachstum-und-baut-sein-portfolio-in-europa-weiter-aus\/#primaryimage"},"thumbnailUrl":"https:\/\/greencells.com\/wp-content\/uploads\/2024\/09\/GFX_060924_Press_Release_Visual_1080x564.jpg","articleSection":["Unkategorisiert"],"inLanguage":"de"},{"@type":"WebPage","@id":"https:\/\/greencells.com\/de\/blog\/2025\/11\/11\/greencells-verzeichnet-starkes-wachstum-und-baut-sein-portfolio-in-europa-weiter-aus\/","url":"https:\/\/greencells.com\/de\/blog\/2025\/11\/11\/greencells-verzeichnet-starkes-wachstum-und-baut-sein-portfolio-in-europa-weiter-aus\/","name":"GREENCELLS VERZEICHNET STARKES WACHSTUM UND BAUT SEIN PORTFOLIO IN EUROPA WEITER AUS - Greencells Group","isPartOf":{"@id":"https:\/\/greencells.com\/de\/#website"},"primaryImageOfPage":{"@id":"https:\/\/greencells.com\/de\/blog\/2025\/11\/11\/greencells-verzeichnet-starkes-wachstum-und-baut-sein-portfolio-in-europa-weiter-aus\/#primaryimage"},"image":{"@id":"https:\/\/greencells.com\/de\/blog\/2025\/11\/11\/greencells-verzeichnet-starkes-wachstum-und-baut-sein-portfolio-in-europa-weiter-aus\/#primaryimage"},"thumbnailUrl":"https:\/\/greencells.com\/wp-content\/uploads\/2024\/09\/GFX_060924_Press_Release_Visual_1080x564.jpg","datePublished":"2025-11-11T09:16:15+00:00","dateModified":"2025-11-11T09:16:44+00:00","author":{"@id":"https:\/\/greencells.com\/de\/#\/schema\/person\/0489b14827d23264ef99479be786c25d"},"breadcrumb":{"@id":"https:\/\/greencells.com\/de\/blog\/2025\/11\/11\/greencells-verzeichnet-starkes-wachstum-und-baut-sein-portfolio-in-europa-weiter-aus\/#breadcrumb"},"inLanguage":"de","potentialAction":[{"@type":"ReadAction","target":["https:\/\/greencells.com\/de\/blog\/2025\/11\/11\/greencells-verzeichnet-starkes-wachstum-und-baut-sein-portfolio-in-europa-weiter-aus\/"]}]},{"@type":"ImageObject","inLanguage":"de","@id":"https:\/\/greencells.com\/de\/blog\/2025\/11\/11\/greencells-verzeichnet-starkes-wachstum-und-baut-sein-portfolio-in-europa-weiter-aus\/#primaryimage","url":"https:\/\/greencells.com\/wp-content\/uploads\/2024\/09\/GFX_060924_Press_Release_Visual_1080x564.jpg","contentUrl":"https:\/\/greencells.com\/wp-content\/uploads\/2024\/09\/GFX_060924_Press_Release_Visual_1080x564.jpg","width":1080,"height":564},{"@type":"BreadcrumbList","@id":"https:\/\/greencells.com\/de\/blog\/2025\/11\/11\/greencells-verzeichnet-starkes-wachstum-und-baut-sein-portfolio-in-europa-weiter-aus\/#breadcrumb","itemListElement":[{"@type":"ListItem","position":1,"name":"Home","item":"https:\/\/greencells.com\/de\/startseite-greencells-group\/"},{"@type":"ListItem","position":2,"name":"GREENCELLS VERZEICHNET STARKES WACHSTUM UND BAUT SEIN PORTFOLIO IN EUROPA WEITER AUS"}]},{"@type":"WebSite","@id":"https:\/\/greencells.com\/de\/#website","url":"https:\/\/greencells.com\/de\/","name":"Greencells Group","description":"Greencells Group Homepage","potentialAction":[{"@type":"SearchAction","target":{"@type":"EntryPoint","urlTemplate":"https:\/\/greencells.com\/de\/?s={search_term_string}"},"query-input":{"@type":"PropertyValueSpecification","valueRequired":true,"valueName":"search_term_string"}}],"inLanguage":"de"},{"@type":"Person","@id":"https:\/\/greencells.com\/de\/#\/schema\/person\/0489b14827d23264ef99479be786c25d","name":"Mike Mildenberger","image":{"@type":"ImageObject","inLanguage":"de","@id":"https:\/\/secure.gravatar.com\/avatar\/638784a52d9c612acb9336509d3bbc27b8430e0a8a4f5bfb6223898e3392c41b?s=96&d=mm&r=g","url":"https:\/\/secure.gravatar.com\/avatar\/638784a52d9c612acb9336509d3bbc27b8430e0a8a4f5bfb6223898e3392c41b?s=96&d=mm&r=g","contentUrl":"https:\/\/secure.gravatar.com\/avatar\/638784a52d9c612acb9336509d3bbc27b8430e0a8a4f5bfb6223898e3392c41b?s=96&d=mm&r=g","caption":"Mike Mildenberger"},"url":"https:\/\/greencells.com\/de\/blog\/author\/mike\/"}]}},"_links":{"self":[{"href":"https:\/\/greencells.com\/de\/wp-json\/wp\/v2\/posts\/19244","targetHints":{"allow":["GET"]}}],"collection":[{"href":"https:\/\/greencells.com\/de\/wp-json\/wp\/v2\/posts"}],"about":[{"href":"https:\/\/greencells.com\/de\/wp-json\/wp\/v2\/types\/post"}],"author":[{"embeddable":true,"href":"https:\/\/greencells.com\/de\/wp-json\/wp\/v2\/users\/13"}],"replies":[{"embeddable":true,"href":"https:\/\/greencells.com\/de\/wp-json\/wp\/v2\/comments?post=19244"}],"version-history":[{"count":3,"href":"https:\/\/greencells.com\/de\/wp-json\/wp\/v2\/posts\/19244\/revisions"}],"predecessor-version":[{"id":19247,"href":"https:\/\/greencells.com\/de\/wp-json\/wp\/v2\/posts\/19244\/revisions\/19247"}],"wp:featuredmedia":[{"embeddable":true,"href":"https:\/\/greencells.com\/de\/wp-json\/wp\/v2\/media\/17423"}],"wp:attachment":[{"href":"https:\/\/greencells.com\/de\/wp-json\/wp\/v2\/media?parent=19244"}],"wp:term":[{"taxonomy":"category","embeddable":true,"href":"https:\/\/greencells.com\/de\/wp-json\/wp\/v2\/categories?post=19244"},{"taxonomy":"post_tag","embeddable":true,"href":"https:\/\/greencells.com\/de\/wp-json\/wp\/v2\/tags?post=19244"}],"curies":[{"name":"wp","href":"https:\/\/api.w.org\/{rel}","templated":true}]}}