{"id":18849,"date":"2025-10-09T15:32:31","date_gmt":"2025-10-09T13:32:31","guid":{"rendered":"https:\/\/greencells.com\/blog\/2025\/10\/09\/de-la-carbune-la-energie-solara-greencells-va-livra-un-proiect-de-133-mwp-in-germania-cu-leag\/"},"modified":"2025-10-09T15:32:32","modified_gmt":"2025-10-09T13:32:32","slug":"de-la-carbune-la-energie-solara-greencells-va-livra-un-proiect-de-133-mwp-in-germania-cu-leag","status":"publish","type":"post","link":"https:\/\/greencells.com\/ro\/blog\/2025\/10\/09\/de-la-carbune-la-energie-solara-greencells-va-livra-un-proiect-de-133-mwp-in-germania-cu-leag\/","title":{"rendered":"DE LA C\u0102RBUNE LA ENERGIE SOLAR\u0102: GREENCELLS VA LIVRA UN PROIECT DE 133 MWP \u00ceN GERMANIA CU LEAG"},"content":{"rendered":"\n<p><strong>Greencells Group<\/strong> a semnat contractul EPC cu <strong>LEAG<\/strong> pentru proiectul solar Bohrau din Brandenburg &#8211; o central\u0103 solar\u0103 de referin\u021b\u0103 cu o capacitate de <strong>133 MWp<\/strong>.<\/p>\n\n<p>Amplasamentul din <strong>regiunea Lausitz (Lusatia)<\/strong>, odinioar\u0103 modelat de extrac\u021bia c\u0103rbunelui, va deveni acum un centru pentru produc\u021bia de energie curat\u0103. Cu Bohrau, Greencells \u00ee\u0219i consolideaz\u0103 \u0219i mai mult pozi\u021bia ca unul dintre principalii parteneri EPC din Europa pentru energia solar\u0103 utilitar\u0103, contribuind \u00een acela\u0219i timp la tranzi\u021bia energetic\u0103 \u00eentr-una dintre regiunile cheie ale Germaniei. <\/p>\n\n<p>Citi\u021bi comunicatul de pres\u0103 integral aici: <a href=\"https:\/\/greencells.com\/wp-content\/uploads\/2025\/09\/PM_Bohrau_260925_EN.pdf\">https:\/\/greencells.com\/wp-content\/uploads\/2025\/09\/PM_Bohrau_260925_EN.pdf<\/a><\/p>\n","protected":false},"excerpt":{"rendered":"<p>Greencells Group a semnat contractul EPC cu LEAG pentru proiectul solar Bohrau din Brandenburg &#8211; o central\u0103 solar\u0103 de referin\u021b\u0103 cu o capacitate de 133 MWp. Amplasamentul din regiunea Lausitz (Lusatia), odinioar\u0103 modelat de extrac\u021bia c\u0103rbunelui, va deveni acum un centru pentru produc\u021bia de energie curat\u0103. Cu Bohrau, Greencells \u00ee\u0219i consolideaz\u0103 \u0219i mai mult pozi\u021bia [&hellip;]<\/p>\n","protected":false},"author":13,"featured_media":18833,"comment_status":"closed","ping_status":"closed","sticky":false,"template":"","format":"standard","meta":{"_et_pb_use_builder":"","_et_pb_old_content":"","_et_gb_content_width":"","footnotes":""},"categories":[94],"tags":[],"class_list":["post-18849","post","type-post","status-publish","format-standard","has-post-thumbnail","hentry","category-uncategorized-ro"],"yoast_head":"<!-- This site is optimized with the Yoast SEO plugin v27.4 - https:\/\/yoast.com\/product\/yoast-seo-wordpress\/ -->\n<title>DE LA C\u0102RBUNE LA ENERGIE SOLAR\u0102: GREENCELLS VA LIVRA UN PROIECT DE 133 MWP \u00ceN GERMANIA CU LEAG - Greencells Group<\/title>\n<meta name=\"robots\" content=\"index, follow, max-snippet:-1, max-image-preview:large, max-video-preview:-1\" \/>\n<link rel=\"canonical\" href=\"https:\/\/greencells.com\/ro\/blog\/2025\/10\/09\/de-la-carbune-la-energie-solara-greencells-va-livra-un-proiect-de-133-mwp-in-germania-cu-leag\/\" \/>\n<meta property=\"og:locale\" content=\"ro_RO\" \/>\n<meta property=\"og:type\" content=\"article\" \/>\n<meta property=\"og:title\" content=\"DE LA C\u0102RBUNE LA ENERGIE SOLAR\u0102: GREENCELLS VA LIVRA UN PROIECT DE 133 MWP \u00ceN GERMANIA CU LEAG - Greencells Group\" \/>\n<meta property=\"og:description\" content=\"Greencells Group a semnat contractul EPC cu LEAG pentru proiectul solar Bohrau din Brandenburg &#8211; o central\u0103 solar\u0103 de referin\u021b\u0103 cu o capacitate de 133 MWp. Amplasamentul din regiunea Lausitz (Lusatia), odinioar\u0103 modelat de extrac\u021bia c\u0103rbunelui, va deveni acum un centru pentru produc\u021bia de energie curat\u0103. Cu Bohrau, Greencells \u00ee\u0219i consolideaz\u0103 \u0219i mai mult pozi\u021bia [&hellip;]\" \/>\n<meta property=\"og:url\" content=\"https:\/\/greencells.com\/ro\/blog\/2025\/10\/09\/de-la-carbune-la-energie-solara-greencells-va-livra-un-proiect-de-133-mwp-in-germania-cu-leag\/\" \/>\n<meta property=\"og:site_name\" content=\"Greencells Group\" \/>\n<meta property=\"article:published_time\" content=\"2025-10-09T13:32:31+00:00\" \/>\n<meta property=\"article:modified_time\" content=\"2025-10-09T13:32:32+00:00\" \/>\n<meta property=\"og:image\" content=\"https:\/\/greencells.com\/wp-content\/uploads\/2024\/09\/GFX_060924_Press_Release_Visual_1080x564.jpg\" \/>\n\t<meta property=\"og:image:width\" content=\"1080\" \/>\n\t<meta property=\"og:image:height\" content=\"564\" \/>\n\t<meta property=\"og:image:type\" content=\"image\/jpeg\" \/>\n<meta name=\"author\" content=\"Mike Mildenberger\" \/>\n<meta name=\"twitter:card\" content=\"summary_large_image\" \/>\n<meta name=\"twitter:label1\" content=\"Scris de\" \/>\n\t<meta name=\"twitter:data1\" content=\"Mike Mildenberger\" \/>\n\t<meta name=\"twitter:label2\" content=\"Timp estimat pentru citire\" \/>\n\t<meta name=\"twitter:data2\" content=\"1 minut\" \/>\n<script type=\"application\/ld+json\" class=\"yoast-schema-graph\">{\"@context\":\"https:\\\/\\\/schema.org\",\"@graph\":[{\"@type\":\"Article\",\"@id\":\"https:\\\/\\\/greencells.com\\\/ro\\\/blog\\\/2025\\\/10\\\/09\\\/de-la-carbune-la-energie-solara-greencells-va-livra-un-proiect-de-133-mwp-in-germania-cu-leag\\\/#article\",\"isPartOf\":{\"@id\":\"https:\\\/\\\/greencells.com\\\/ro\\\/blog\\\/2025\\\/10\\\/09\\\/de-la-carbune-la-energie-solara-greencells-va-livra-un-proiect-de-133-mwp-in-germania-cu-leag\\\/\"},\"author\":{\"name\":\"Mike Mildenberger\",\"@id\":\"https:\\\/\\\/greencells.com\\\/ro\\\/#\\\/schema\\\/person\\\/0489b14827d23264ef99479be786c25d\"},\"headline\":\"DE LA C\u0102RBUNE LA ENERGIE SOLAR\u0102: GREENCELLS VA LIVRA UN PROIECT DE 133 MWP \u00ceN GERMANIA CU LEAG\",\"datePublished\":\"2025-10-09T13:32:31+00:00\",\"dateModified\":\"2025-10-09T13:32:32+00:00\",\"mainEntityOfPage\":{\"@id\":\"https:\\\/\\\/greencells.com\\\/ro\\\/blog\\\/2025\\\/10\\\/09\\\/de-la-carbune-la-energie-solara-greencells-va-livra-un-proiect-de-133-mwp-in-germania-cu-leag\\\/\"},\"wordCount\":119,\"image\":{\"@id\":\"https:\\\/\\\/greencells.com\\\/ro\\\/blog\\\/2025\\\/10\\\/09\\\/de-la-carbune-la-energie-solara-greencells-va-livra-un-proiect-de-133-mwp-in-germania-cu-leag\\\/#primaryimage\"},\"thumbnailUrl\":\"https:\\\/\\\/greencells.com\\\/wp-content\\\/uploads\\\/2024\\\/09\\\/GFX_060924_Press_Release_Visual_1080x564.jpg\",\"articleSection\":[\"Uncategorized @ro\"],\"inLanguage\":\"ro-RO\"},{\"@type\":\"WebPage\",\"@id\":\"https:\\\/\\\/greencells.com\\\/ro\\\/blog\\\/2025\\\/10\\\/09\\\/de-la-carbune-la-energie-solara-greencells-va-livra-un-proiect-de-133-mwp-in-germania-cu-leag\\\/\",\"url\":\"https:\\\/\\\/greencells.com\\\/ro\\\/blog\\\/2025\\\/10\\\/09\\\/de-la-carbune-la-energie-solara-greencells-va-livra-un-proiect-de-133-mwp-in-germania-cu-leag\\\/\",\"name\":\"DE LA C\u0102RBUNE LA ENERGIE SOLAR\u0102: GREENCELLS VA LIVRA UN PROIECT DE 133 MWP \u00ceN GERMANIA CU LEAG - Greencells Group\",\"isPartOf\":{\"@id\":\"https:\\\/\\\/greencells.com\\\/ro\\\/#website\"},\"primaryImageOfPage\":{\"@id\":\"https:\\\/\\\/greencells.com\\\/ro\\\/blog\\\/2025\\\/10\\\/09\\\/de-la-carbune-la-energie-solara-greencells-va-livra-un-proiect-de-133-mwp-in-germania-cu-leag\\\/#primaryimage\"},\"image\":{\"@id\":\"https:\\\/\\\/greencells.com\\\/ro\\\/blog\\\/2025\\\/10\\\/09\\\/de-la-carbune-la-energie-solara-greencells-va-livra-un-proiect-de-133-mwp-in-germania-cu-leag\\\/#primaryimage\"},\"thumbnailUrl\":\"https:\\\/\\\/greencells.com\\\/wp-content\\\/uploads\\\/2024\\\/09\\\/GFX_060924_Press_Release_Visual_1080x564.jpg\",\"datePublished\":\"2025-10-09T13:32:31+00:00\",\"dateModified\":\"2025-10-09T13:32:32+00:00\",\"author\":{\"@id\":\"https:\\\/\\\/greencells.com\\\/ro\\\/#\\\/schema\\\/person\\\/0489b14827d23264ef99479be786c25d\"},\"breadcrumb\":{\"@id\":\"https:\\\/\\\/greencells.com\\\/ro\\\/blog\\\/2025\\\/10\\\/09\\\/de-la-carbune-la-energie-solara-greencells-va-livra-un-proiect-de-133-mwp-in-germania-cu-leag\\\/#breadcrumb\"},\"inLanguage\":\"ro-RO\",\"potentialAction\":[{\"@type\":\"ReadAction\",\"target\":[\"https:\\\/\\\/greencells.com\\\/ro\\\/blog\\\/2025\\\/10\\\/09\\\/de-la-carbune-la-energie-solara-greencells-va-livra-un-proiect-de-133-mwp-in-germania-cu-leag\\\/\"]}]},{\"@type\":\"ImageObject\",\"inLanguage\":\"ro-RO\",\"@id\":\"https:\\\/\\\/greencells.com\\\/ro\\\/blog\\\/2025\\\/10\\\/09\\\/de-la-carbune-la-energie-solara-greencells-va-livra-un-proiect-de-133-mwp-in-germania-cu-leag\\\/#primaryimage\",\"url\":\"https:\\\/\\\/greencells.com\\\/wp-content\\\/uploads\\\/2024\\\/09\\\/GFX_060924_Press_Release_Visual_1080x564.jpg\",\"contentUrl\":\"https:\\\/\\\/greencells.com\\\/wp-content\\\/uploads\\\/2024\\\/09\\\/GFX_060924_Press_Release_Visual_1080x564.jpg\",\"width\":1080,\"height\":564},{\"@type\":\"BreadcrumbList\",\"@id\":\"https:\\\/\\\/greencells.com\\\/ro\\\/blog\\\/2025\\\/10\\\/09\\\/de-la-carbune-la-energie-solara-greencells-va-livra-un-proiect-de-133-mwp-in-germania-cu-leag\\\/#breadcrumb\",\"itemListElement\":[{\"@type\":\"ListItem\",\"position\":1,\"name\":\"Home\",\"item\":\"https:\\\/\\\/greencells.com\\\/ro\\\/acasa\\\/\"},{\"@type\":\"ListItem\",\"position\":2,\"name\":\"DE LA C\u0102RBUNE LA ENERGIE SOLAR\u0102: GREENCELLS VA LIVRA UN PROIECT DE 133 MWP \u00ceN GERMANIA CU LEAG\"}]},{\"@type\":\"WebSite\",\"@id\":\"https:\\\/\\\/greencells.com\\\/ro\\\/#website\",\"url\":\"https:\\\/\\\/greencells.com\\\/ro\\\/\",\"name\":\"Greencells Group\",\"description\":\"Greencells Group Homepage\",\"potentialAction\":[{\"@type\":\"SearchAction\",\"target\":{\"@type\":\"EntryPoint\",\"urlTemplate\":\"https:\\\/\\\/greencells.com\\\/ro\\\/?s={search_term_string}\"},\"query-input\":{\"@type\":\"PropertyValueSpecification\",\"valueRequired\":true,\"valueName\":\"search_term_string\"}}],\"inLanguage\":\"ro-RO\"},{\"@type\":\"Person\",\"@id\":\"https:\\\/\\\/greencells.com\\\/ro\\\/#\\\/schema\\\/person\\\/0489b14827d23264ef99479be786c25d\",\"name\":\"Mike Mildenberger\",\"image\":{\"@type\":\"ImageObject\",\"inLanguage\":\"ro-RO\",\"@id\":\"https:\\\/\\\/secure.gravatar.com\\\/avatar\\\/638784a52d9c612acb9336509d3bbc27b8430e0a8a4f5bfb6223898e3392c41b?s=96&d=mm&r=g\",\"url\":\"https:\\\/\\\/secure.gravatar.com\\\/avatar\\\/638784a52d9c612acb9336509d3bbc27b8430e0a8a4f5bfb6223898e3392c41b?s=96&d=mm&r=g\",\"contentUrl\":\"https:\\\/\\\/secure.gravatar.com\\\/avatar\\\/638784a52d9c612acb9336509d3bbc27b8430e0a8a4f5bfb6223898e3392c41b?s=96&d=mm&r=g\",\"caption\":\"Mike Mildenberger\"},\"url\":\"https:\\\/\\\/greencells.com\\\/ro\\\/blog\\\/author\\\/mike\\\/\"}]}<\/script>\n<!-- \/ Yoast SEO plugin. -->","yoast_head_json":{"title":"DE LA C\u0102RBUNE LA ENERGIE SOLAR\u0102: GREENCELLS VA LIVRA UN PROIECT DE 133 MWP \u00ceN GERMANIA CU LEAG - Greencells Group","robots":{"index":"index","follow":"follow","max-snippet":"max-snippet:-1","max-image-preview":"max-image-preview:large","max-video-preview":"max-video-preview:-1"},"canonical":"https:\/\/greencells.com\/ro\/blog\/2025\/10\/09\/de-la-carbune-la-energie-solara-greencells-va-livra-un-proiect-de-133-mwp-in-germania-cu-leag\/","og_locale":"ro_RO","og_type":"article","og_title":"DE LA C\u0102RBUNE LA ENERGIE SOLAR\u0102: GREENCELLS VA LIVRA UN PROIECT DE 133 MWP \u00ceN GERMANIA CU LEAG - Greencells Group","og_description":"Greencells Group a semnat contractul EPC cu LEAG pentru proiectul solar Bohrau din Brandenburg &#8211; o central\u0103 solar\u0103 de referin\u021b\u0103 cu o capacitate de 133 MWp. Amplasamentul din regiunea Lausitz (Lusatia), odinioar\u0103 modelat de extrac\u021bia c\u0103rbunelui, va deveni acum un centru pentru produc\u021bia de energie curat\u0103. Cu Bohrau, Greencells \u00ee\u0219i consolideaz\u0103 \u0219i mai mult pozi\u021bia [&hellip;]","og_url":"https:\/\/greencells.com\/ro\/blog\/2025\/10\/09\/de-la-carbune-la-energie-solara-greencells-va-livra-un-proiect-de-133-mwp-in-germania-cu-leag\/","og_site_name":"Greencells Group","article_published_time":"2025-10-09T13:32:31+00:00","article_modified_time":"2025-10-09T13:32:32+00:00","og_image":[{"width":1080,"height":564,"url":"https:\/\/greencells.com\/wp-content\/uploads\/2024\/09\/GFX_060924_Press_Release_Visual_1080x564.jpg","type":"image\/jpeg"}],"author":"Mike Mildenberger","twitter_card":"summary_large_image","twitter_misc":{"Scris de":"Mike Mildenberger","Timp estimat pentru citire":"1 minut"},"schema":{"@context":"https:\/\/schema.org","@graph":[{"@type":"Article","@id":"https:\/\/greencells.com\/ro\/blog\/2025\/10\/09\/de-la-carbune-la-energie-solara-greencells-va-livra-un-proiect-de-133-mwp-in-germania-cu-leag\/#article","isPartOf":{"@id":"https:\/\/greencells.com\/ro\/blog\/2025\/10\/09\/de-la-carbune-la-energie-solara-greencells-va-livra-un-proiect-de-133-mwp-in-germania-cu-leag\/"},"author":{"name":"Mike Mildenberger","@id":"https:\/\/greencells.com\/ro\/#\/schema\/person\/0489b14827d23264ef99479be786c25d"},"headline":"DE LA C\u0102RBUNE LA ENERGIE SOLAR\u0102: GREENCELLS VA LIVRA UN PROIECT DE 133 MWP \u00ceN GERMANIA CU LEAG","datePublished":"2025-10-09T13:32:31+00:00","dateModified":"2025-10-09T13:32:32+00:00","mainEntityOfPage":{"@id":"https:\/\/greencells.com\/ro\/blog\/2025\/10\/09\/de-la-carbune-la-energie-solara-greencells-va-livra-un-proiect-de-133-mwp-in-germania-cu-leag\/"},"wordCount":119,"image":{"@id":"https:\/\/greencells.com\/ro\/blog\/2025\/10\/09\/de-la-carbune-la-energie-solara-greencells-va-livra-un-proiect-de-133-mwp-in-germania-cu-leag\/#primaryimage"},"thumbnailUrl":"https:\/\/greencells.com\/wp-content\/uploads\/2024\/09\/GFX_060924_Press_Release_Visual_1080x564.jpg","articleSection":["Uncategorized @ro"],"inLanguage":"ro-RO"},{"@type":"WebPage","@id":"https:\/\/greencells.com\/ro\/blog\/2025\/10\/09\/de-la-carbune-la-energie-solara-greencells-va-livra-un-proiect-de-133-mwp-in-germania-cu-leag\/","url":"https:\/\/greencells.com\/ro\/blog\/2025\/10\/09\/de-la-carbune-la-energie-solara-greencells-va-livra-un-proiect-de-133-mwp-in-germania-cu-leag\/","name":"DE LA C\u0102RBUNE LA ENERGIE SOLAR\u0102: GREENCELLS VA LIVRA UN PROIECT DE 133 MWP \u00ceN GERMANIA CU LEAG - Greencells Group","isPartOf":{"@id":"https:\/\/greencells.com\/ro\/#website"},"primaryImageOfPage":{"@id":"https:\/\/greencells.com\/ro\/blog\/2025\/10\/09\/de-la-carbune-la-energie-solara-greencells-va-livra-un-proiect-de-133-mwp-in-germania-cu-leag\/#primaryimage"},"image":{"@id":"https:\/\/greencells.com\/ro\/blog\/2025\/10\/09\/de-la-carbune-la-energie-solara-greencells-va-livra-un-proiect-de-133-mwp-in-germania-cu-leag\/#primaryimage"},"thumbnailUrl":"https:\/\/greencells.com\/wp-content\/uploads\/2024\/09\/GFX_060924_Press_Release_Visual_1080x564.jpg","datePublished":"2025-10-09T13:32:31+00:00","dateModified":"2025-10-09T13:32:32+00:00","author":{"@id":"https:\/\/greencells.com\/ro\/#\/schema\/person\/0489b14827d23264ef99479be786c25d"},"breadcrumb":{"@id":"https:\/\/greencells.com\/ro\/blog\/2025\/10\/09\/de-la-carbune-la-energie-solara-greencells-va-livra-un-proiect-de-133-mwp-in-germania-cu-leag\/#breadcrumb"},"inLanguage":"ro-RO","potentialAction":[{"@type":"ReadAction","target":["https:\/\/greencells.com\/ro\/blog\/2025\/10\/09\/de-la-carbune-la-energie-solara-greencells-va-livra-un-proiect-de-133-mwp-in-germania-cu-leag\/"]}]},{"@type":"ImageObject","inLanguage":"ro-RO","@id":"https:\/\/greencells.com\/ro\/blog\/2025\/10\/09\/de-la-carbune-la-energie-solara-greencells-va-livra-un-proiect-de-133-mwp-in-germania-cu-leag\/#primaryimage","url":"https:\/\/greencells.com\/wp-content\/uploads\/2024\/09\/GFX_060924_Press_Release_Visual_1080x564.jpg","contentUrl":"https:\/\/greencells.com\/wp-content\/uploads\/2024\/09\/GFX_060924_Press_Release_Visual_1080x564.jpg","width":1080,"height":564},{"@type":"BreadcrumbList","@id":"https:\/\/greencells.com\/ro\/blog\/2025\/10\/09\/de-la-carbune-la-energie-solara-greencells-va-livra-un-proiect-de-133-mwp-in-germania-cu-leag\/#breadcrumb","itemListElement":[{"@type":"ListItem","position":1,"name":"Home","item":"https:\/\/greencells.com\/ro\/acasa\/"},{"@type":"ListItem","position":2,"name":"DE LA C\u0102RBUNE LA ENERGIE SOLAR\u0102: GREENCELLS VA LIVRA UN PROIECT DE 133 MWP \u00ceN GERMANIA CU LEAG"}]},{"@type":"WebSite","@id":"https:\/\/greencells.com\/ro\/#website","url":"https:\/\/greencells.com\/ro\/","name":"Greencells Group","description":"Greencells Group Homepage","potentialAction":[{"@type":"SearchAction","target":{"@type":"EntryPoint","urlTemplate":"https:\/\/greencells.com\/ro\/?s={search_term_string}"},"query-input":{"@type":"PropertyValueSpecification","valueRequired":true,"valueName":"search_term_string"}}],"inLanguage":"ro-RO"},{"@type":"Person","@id":"https:\/\/greencells.com\/ro\/#\/schema\/person\/0489b14827d23264ef99479be786c25d","name":"Mike Mildenberger","image":{"@type":"ImageObject","inLanguage":"ro-RO","@id":"https:\/\/secure.gravatar.com\/avatar\/638784a52d9c612acb9336509d3bbc27b8430e0a8a4f5bfb6223898e3392c41b?s=96&d=mm&r=g","url":"https:\/\/secure.gravatar.com\/avatar\/638784a52d9c612acb9336509d3bbc27b8430e0a8a4f5bfb6223898e3392c41b?s=96&d=mm&r=g","contentUrl":"https:\/\/secure.gravatar.com\/avatar\/638784a52d9c612acb9336509d3bbc27b8430e0a8a4f5bfb6223898e3392c41b?s=96&d=mm&r=g","caption":"Mike Mildenberger"},"url":"https:\/\/greencells.com\/ro\/blog\/author\/mike\/"}]}},"_links":{"self":[{"href":"https:\/\/greencells.com\/ro\/wp-json\/wp\/v2\/posts\/18849","targetHints":{"allow":["GET"]}}],"collection":[{"href":"https:\/\/greencells.com\/ro\/wp-json\/wp\/v2\/posts"}],"about":[{"href":"https:\/\/greencells.com\/ro\/wp-json\/wp\/v2\/types\/post"}],"author":[{"embeddable":true,"href":"https:\/\/greencells.com\/ro\/wp-json\/wp\/v2\/users\/13"}],"replies":[{"embeddable":true,"href":"https:\/\/greencells.com\/ro\/wp-json\/wp\/v2\/comments?post=18849"}],"version-history":[{"count":1,"href":"https:\/\/greencells.com\/ro\/wp-json\/wp\/v2\/posts\/18849\/revisions"}],"predecessor-version":[{"id":18851,"href":"https:\/\/greencells.com\/ro\/wp-json\/wp\/v2\/posts\/18849\/revisions\/18851"}],"wp:featuredmedia":[{"embeddable":true,"href":"https:\/\/greencells.com\/ro\/wp-json\/wp\/v2\/media\/18833"}],"wp:attachment":[{"href":"https:\/\/greencells.com\/ro\/wp-json\/wp\/v2\/media?parent=18849"}],"wp:term":[{"taxonomy":"category","embeddable":true,"href":"https:\/\/greencells.com\/ro\/wp-json\/wp\/v2\/categories?post=18849"},{"taxonomy":"post_tag","embeddable":true,"href":"https:\/\/greencells.com\/ro\/wp-json\/wp\/v2\/tags?post=18849"}],"curies":[{"name":"wp","href":"https:\/\/api.w.org\/{rel}","templated":true}]}}